{"id":932,"date":"2025-12-13T11:59:18","date_gmt":"2025-12-13T10:59:18","guid":{"rendered":"https:\/\/www.lerucherduperigord.fr\/?p=932"},"modified":"2025-12-13T12:00:20","modified_gmt":"2025-12-13T11:00:20","slug":"compte-rendu-de-lassemblee-generale-du-9-mars-2025","status":"publish","type":"post","link":"https:\/\/www.lerucherduperigord.fr\/index.php\/2025\/12\/13\/compte-rendu-de-lassemblee-generale-du-9-mars-2025\/","title":{"rendered":"Compte rendu de l\u2019assembl\u00e9e g\u00e9n\u00e9rale du 9 Mars 2025"},"content":{"rendered":"<h6>PV de l\u2019Assembl\u00e9e G\u00e9n\u00e9rale ordinaire du 9 mars 2025.<\/h6>\n<h6>Ce PV sera soumis \u00e0 l\u2019approbation des adh\u00e9rents, lors de l\u2019Assembl\u00e9e g\u00e9n\u00e9rale ordinaire du 8 mars 2026.<\/h6>\n<p>Le Rucher du P\u00e9rigord, association des apiculteurs de la Dordogne, a tenu, dimanche 9 mars 2025, son Assembl\u00e9e g\u00e9n\u00e9rale au complexe G\u00e9rard Philipe de Coulounieix-Chamiers, en pr\u00e9sence de Mme Arlette Esclaffer, maire-adjointe, puis M. Thierry Cipierre maire de la commune, M. Jacques Gorre formateur \u00e0 la FNOSAD et membre du GDSA 24 et M. Pierre Verger, pr\u00e9sident du syndicat apicole de la Gironde.<\/p>\n<p>Le pr\u00e9sident Jean-Pierre Cluzeau souhaite la bienvenue \u00e0 tous, \u00e9voque la charge croissante de travail administratif, gestion, r\u00e8glementation, tr\u00e9sorerie\u2026 que les associations supportent. Le Rucher du P\u00e9rigord souhaite continuer \u00e0 apporter un service de proximit\u00e9 \u00e0 tous ses adh\u00e9rents. Il a lanc\u00e9 un appel aux bonnes volont\u00e9s pour r\u00e9partir cette charge de travail. Il remercie l\u2019ensemble des adh\u00e9rents et b\u00e9n\u00e9voles pour le soutien apport\u00e9 au cours de cette ann\u00e9e.<\/p>\n<h6>Approbation du PV de l\u2019AG 2024 :<\/h6>\n<p>Le proc\u00e8s-verbal de l\u2019Assembl\u00e9e g\u00e9n\u00e9rale du 10 mars 2024, publi\u00e9 dans la revue de janvier 2025, a \u00e9t\u00e9 approuv\u00e9 \u00e0 l\u2019unanimit\u00e9 des pr\u00e9sents.<\/p>\n<h6>Rapport moral \u2013 bilan des activit\u00e9s 2024 :<\/h6>\n<p>Manifestations pr\u00e9sent\u00e9es sous la forme d\u2019un diaporama :<\/p>\n<p>22-24 mars : Festival Nature la Chev\u00eache \u00e0 Nontron.<br \/>\n27 mars : Trouve ton asso &#8211; Semaine Etudiante de l\u2019Ecologie et de la Solidarit\u00e9 &#8211; Campus P\u00e9rigord \u00e0 P\u00e9rigueux.<br \/>\n14 avril : March\u00e9 aux plantes et aux fleurs \u2013 Le Rotary club de Bergerac.<br \/>\nAvril : Ecoles de Bassillac.<br \/>\n30 avril- 1er mai : Foire de La Lati\u00e8re \u00e0 Saint-Aulaye-Puymangou.<br \/>\n5 mai : F\u00eate du Printemps \u00e0 Queyssac.<br \/>\n18 mai : Les Floralies \u00e0 Rib\u00e9rac.<br \/>\n20 mai : \u201cLes rencontres de printemps\u201d \u00e0 Saussignac.<br \/>\n21 et 23 mai : Accueil des enfants du p\u00e9riscolaire de Coulounieix-Chamiers au d\u00e9p\u00f4t.<br \/>\n23 mai : \u00e9coles maternelles &#8211; Chancelade.<br \/>\nMai : Ecoles de V\u00e9lines.<br \/>\n30 mai : Jardins et Paysages \u2013 Agrocampus du P\u00e9rigord \u2013 Coulounieix-Chamiers.<br \/>\n4 juin : Ecoles \u00e9l\u00e9mentaires + parents Eug\u00e8ne Leroy &#8211; Chamiers.<br \/>\n8 juin : Visite du rucher \u00e9cole aux habitants du quartier de La Curade.<br \/>\n10 juin : Ecole Louis Pergaud\u2013 Coulounieix-Chamiers.<br \/>\n15 juin : Journ\u00e9e verte \u2013 Coulounieix-Chamiers.<br \/>\n18 juin : Ecole \u2013 Bassillac.<br \/>\n21 juin : Accueil d\u2019une classe de CM1\/CM2 de La Force compos\u00e9e de 22 \u00e9l\u00e8ves et 5 accompagnateurs chez Hugues Marques.<br \/>\n5-6-7 juillet : la F\u00e9libr\u00e9e \u00e0 T\u00f4cane-Saint-Apre.<br \/>\n13-14 juillet: F\u00eate \u00e0 Porch\u00e8res en Gironde.<br \/>\n20 juillet : Moissons et battages \u00e0 l\u2019ancienne \u00e0 Cornille.<br \/>\n20-21 juillet : F\u00eate du miel et de l\u2019abeille noire \u00e0 Saint-Claud (16).<br \/>\n21 juillet : F\u00eate cantonale \u00e0 Villefranche-de-Lonchat.<br \/>\n25 juillet : March\u00e9 de Saint-Astier- information frelons.<br \/>\nJuillet : Centres de loisirs \u2013 Grand P\u00e9rigueux.<br \/>\n3-4 ao\u00fbt : Foire aux vins \u00e0 Agonac.<br \/>\n07 ao\u00fbt : March\u00e9 de Pi\u00e9gut-Pluviers \u2013 information frelons, pi\u00e8ges, app\u00e2ts.<br \/>\n24 ao\u00fbt : March\u00e9 de Nontron \u2013 information frelons.<br \/>\n27-29 septembre : P\u00e9ri\u2019Meuh avec le LGTA La Peyrouse.<br \/>\noctobre : f\u00eate de la science au coll\u00e8ge Jean Moulin de Coulounieix-Chamiers.<br \/>\n8-10 novembre : Salon du champignon \u00e0 Chancelade.<br \/>\n19 novembre : journ\u00e9e du d\u00e9veloppement durable au sein d\u2019AHLSTROM.<\/p>\n<h6>Rucher \u00e9cole :<\/h6>\n<p>Aur\u00e9lien Mehdi, responsable du rucher-\u00e9cole, pr\u00e9sente les \u00e9volutions mises en place. Les groupes de stagiaires sont nombreux, ils seront divis\u00e9s. Des adh\u00e9rents exp\u00e9riment\u00e9s seront sollicit\u00e9s pour aider les formateurs aux cours pratiques. Une partie de la formation sera r\u00e9alis\u00e9e au d\u00e9p\u00f4t.<\/p>\n<p>La formation est dispens\u00e9e \u00e0 Coulounieix-Chamiers. Les cours th\u00e9oriques se d\u00e9roulent sur 4 demi-journ\u00e9es au lyc\u00e9e agricole La Peyrouse \u00e0 partir du 27 janvier et la formation pratique sur 4 demi-journ\u00e9es au \u00ab Camp de C\u00e9sar \u00bb \u00e0 partir du 13 avril. Une journ\u00e9e suppl\u00e9mentaire au cours du mois de juillet est rajout\u00e9e pour la r\u00e9colte et l\u2019extraction au d\u00e9p\u00f4t. Et enfin la journ\u00e9e conviviale de fin de saison apicole en septembre \u00e0 laquelle tous les adh\u00e9rents sont invit\u00e9s \u00e0 partager un repas pris en commun.<\/p>\n<p>Les journ\u00e9es de formation compl\u00e9mentaire suivies chez nos coll\u00e8gues, Beno\u00eet Serre \u00e0 Saint-Avit-de-Vialard et Julien Frugier \u00e0 La Coquille s\u2019adressent \u00e0 tous. Elles permettent de d\u00e9couvrir d\u2019autres pratiques apicoles et de nombreux \u00e9changes.<\/p>\n<p>Journ\u00e9e d\u2019entretien du rucher \u00e9cole \u00e0 La Curade le 18 janvier. La haie a \u00e9t\u00e9 taill\u00e9e, le rucher est plus ensoleill\u00e9.<br \/>\nTous les formateurs sont remerci\u00e9s pour leur investissement personnel et la qualit\u00e9 de l\u2019enseignement dispens\u00e9, les b\u00e9n\u00e9voles pour leur aide et leur d\u00e9vouement.<\/p>\n<h6>Comit\u00e9 d\u2019entraide :<\/h6>\n<p>Jean-Marie Mastin, responsable, pr\u00e9sente les activit\u00e9s du comit\u00e9 d\u2019entraide. Diverses journ\u00e9es d\u2019ouverture du d\u00e9p\u00f4t permettent \u00e0 nos adh\u00e9rents de s\u2019approvisionner en produits de nourrissement et mat\u00e9riel apicole tout au long de l\u2019ann\u00e9e. Toutes ces ouvertures ne sont possibles que gr\u00e2ce \u00e0 tous ceux qui viennent aider pour : la gestion, la commande, la mise en place dans le d\u00e9p\u00f4t, la distribution. Nous accueillons d\u00e9j\u00e0 de nouveaux b\u00e9n\u00e9voles suite \u00e0 l\u2019appel diffus\u00e9 dans le bulletin d\u2019adh\u00e9sion. Un roulement sera mis en place pour que chacun puisse participer. Ils sont tous remerci\u00e9s. La commande annuelle est importante, elle nous permet de respecter la r\u00e9glementation par rapport \u00e0 nos ventes au d\u00e9p\u00f4t. Il faut penser et anticiper vos besoins. L\u2019\u00e9change de cire avec les Etablissements Lerouge apporte un service suppl\u00e9mentaire de proximit\u00e9 \u00e0 tous.<\/p>\n<h6>Approbation du rapport moral : Vot\u00e9 \u00e0 l\u2019unanimit\u00e9.<\/h6>\n<h6>Campagne de lutte contre le frelon asiatique :<\/h6>\n<p>Diverses r\u00e9unions de travail depuis septembre 2024 avec l\u2019Abeille P\u00e9rigordine et le GDSA24 ont permis de mettre un plan frelon d\u00e9partemental en place. En d\u00e9cembre, nous avons cr\u00e9\u00e9 un r\u00e9seau \u00ab r\u00e9f\u00e9rents frelons \u00bb. Une trentaine d\u2019adh\u00e9rents ont accept\u00e9 d\u2019organiser des r\u00e9unions publiques d\u2019informations sur la protection de la population. Le but est d\u2019informer un maximum de personnes sur les dangers du frelon asiatique pour que la lutte s\u00e9lective contre cet insecte soit effectu\u00e9e par les particuliers, tout en prot\u00e9geant la biodiversit\u00e9. Un diaporama a \u00e9t\u00e9 cr\u00e9\u00e9 et mis \u00e0 la disposition des animateurs de ces r\u00e9unions. Le comptage des frelons est aussi encourag\u00e9 afin de faire un bilan. Toutes les communes qui nous ont permis de faire ces r\u00e9unions d\u2019informations (environ 40 r\u00e9unions sur le d\u00e9partement) et tous ceux qui les ont anim\u00e9es sont remerci\u00e9s.<\/p>\n<p>Une minute de silence en m\u00e9moire de nos coll\u00e8gues qui nous ont quitt\u00e9s en 2024.<br \/>\nM. FAYOL Bernard, LHOMME Bruno, MARTY Gabriel.<\/p>\n<h6>Rapport financier 2024 pr\u00e9sent\u00e9 par le tr\u00e9sorier Richard Pailler :<\/h6>\n<p>Le Rucher du P\u00e9rigord :<\/p>\n<p>Recettes : 43 712, 93 \u20ac<br \/>\nD\u00e9penses : 43 864, 02 \u20ac<br \/>\nSolde de l\u2019exercice 2024 : &#8211; 151, 09 \u20ac<br \/>\nLes d\u00e9penses du Rucher du P\u00e9rigord sont \u00e9lev\u00e9es car nous avons encore financ\u00e9 les travaux du b\u00e2timent pour un montant de 17 438 \u20ac.<br \/>\n\u221e\u221e\u221e\u221e\u221e\u221e\u221e\u221e\u221e\u221e\u221e<\/p>\n<p>Comit\u00e9 d\u2019entraide :<\/p>\n<p>Recettes : 63 153, 28 \u20ac<br \/>\nD\u00e9penses : 62 445, 95 \u20ac<br \/>\nSolde de l\u2019exercice 2024 : 707, 33 \u20ac<\/p>\n<p>MM. David JOYAUX et Michel BERNARD ont proc\u00e9d\u00e9 \u00e0 la v\u00e9rification des comptes du Rucher et du Comit\u00e9 d\u2019Entraide. Tous les documents comptables ont \u00e9t\u00e9 pr\u00e9sent\u00e9s. Ils sont certifi\u00e9s exacts. La lettre des v\u00e9rificateurs a \u00e9t\u00e9 lue \u00e0 l\u2019Assembl\u00e9e.<\/p>\n<p>Le Pr\u00e9sident remercie tous les responsables des rucher-\u00e9cole, comit\u00e9 d\u2019entraide, tr\u00e9sorerie, adh\u00e9sions, les administrateurs, les v\u00e9rificateurs aux comptes, les b\u00e9n\u00e9voles pour leur investissement, leur aide et leur soutien.<\/p>\n<h6>Le rapport financier a \u00e9t\u00e9 approuv\u00e9 \u00e0 l\u2019unanimit\u00e9.<\/h6>\n<p>Election au Conseil d\u2019administration :<\/p>\n<p>Six administrateurs du tiers sortant sont renouvelables. Olivier Borie ne se repr\u00e9sente pas. Il y a un poste \u00e0 pourvoir. Les 7 candidats sont : Mmes Claire Huguet, Elisabeth Laporte, M.M Denis D\u00e9fars, Jean-Fran\u00e7ois Lacotte, Lionel Lucot, Aur\u00e9lien Mehdi, Sylvain Merveille.<br \/>\nIl y a eu 65 votants, les 7 administrateurs ont \u00e9t\u00e9 r\u00e9\u00e9lus ou \u00e9lus avec 65 voix.<br \/>\nMerci \u00e0 eux de s\u2019investir dans le fonctionnement de l\u2019association.<\/p>\n<p>Appel \u00e0 l\u2019aide :<\/p>\n<p>L\u2019appel \u00e0 b\u00e9n\u00e9voles annex\u00e9 au bulletin d\u2019adh\u00e9sion a rencontr\u00e9 un vif succ\u00e8s. Nous mettrons en place progressivement des groupes de travail sur WhatsApp, application de messagerie gratuite, simple, s\u00e9curis\u00e9e, disponible sur t\u00e9l\u00e9phones portables. Les personnes inscrites auront acc\u00e8s aux conversations, sondages et pourront r\u00e9pondre directement aux divers messages envoy\u00e9s. Nous esp\u00e9rons obtenir la fluidit\u00e9 des informations et une r\u00e9partition des volontaires sur l\u2019ensemble des activit\u00e9s de l\u2019ann\u00e9e. Ce nouveau moyen de communication pour Le Rucher du P\u00e9rigord n\u2019en est qu\u2019\u00e0 ses d\u00e9buts et nous attendons toutes vos suggestions pour l\u2019am\u00e9liorer.<\/p>\n<p>Interventions :<\/p>\n<p><span style=\"text-decoration: underline;\">Lutte contre le varroa<\/span> : Jacques Gorre formateur \u00e0 la FNOSAD et membre du GDSA 24.<br \/>\nLe suivi des varroas doit avoir lieu d\u00e8s la visite de printemps. Il est pr\u00e9conis\u00e9 de faire un comptage r\u00e9gulier. M. Gorre rappelle le cycle de reproduction dans le couvain opercul\u00e9. Le taux d\u2019infestation doit \u00eatre au plus bas toute l\u2019ann\u00e9e. Face \u00e0 la r\u00e9sistance de cet acarien aux produits de traitement et selon la pression de celui-l\u00e0, il est recommand\u00e9 d\u2019effectuer deux traitements par an. M. Gorre nous pr\u00e9sente une approche de contr\u00f4le des varroas sans utiliser des mol\u00e9cules de synth\u00e8se (changement de cadres, transfert dans une ruche propre et d\u00e9sinfect\u00e9e, pi\u00e9geage des varroas dans le couvain m\u00e2le ou division de la colonie).<\/p>\n<p><span style=\"text-decoration: underline;\">Lutte contre le frelon asiatique<\/span> : Pierre Verger, Pr\u00e9sident du syndicat apicole de la Gironde.<br \/>\nL\u2019invasion croissante du frelon asiatique et les d\u00e9g\u00e2ts importants caus\u00e9s sur nos ruches ont conduit les apiculteurs \u00e0 se regrouper dans une d\u00e9marche collective, la FARNA F\u00e9d\u00e9ration Apicole de la R\u00e9gion Nouvelle-Aquitaine. La FARNA lance une enqu\u00eate frelons diffus\u00e9e par les 5 syndicats d\u00e9partementaux adh\u00e9rents. Les r\u00e9ponses sont tr\u00e8s nombreuses. L\u2019analyse des r\u00e9ponses \u00e0 l\u2019enqu\u00eate sera transmise \u00e0 toutes les structures de Nouvelle -Aquitaine.<br \/>\nLe pr\u00e9sident du Rucher du P\u00e9rigord cl\u00f4ture l\u2019Assembl\u00e9e g\u00e9n\u00e9rale et remercie chaleureusement les intervenants pour la qualit\u00e9 des informations d\u00e9livr\u00e9es au cours de cette matin\u00e9e. Elles serviront sans aucun doute \u00e0 de nombreux adh\u00e9rents. Un cadeau est remis \u00e0 chacun d\u2019eux.<br \/>\nToutes les personnes pr\u00e9sentes sont invit\u00e9es \u00e0 partager un moment d\u2019\u00e9changes et de convivialit\u00e9 autour du buffet pr\u00e9par\u00e9 par des b\u00e9n\u00e9voles et offert par le Rucher du P\u00e9rigord.<\/p>\n<p>La secr\u00e9taire :<br \/>\nMarie-Rose Patriarca.<\/p>\n","protected":false},"excerpt":{"rendered":"PV de l\u2019Assembl\u00e9e G\u00e9n\u00e9rale ordinaire du 9 mars 2025. Ce PV sera soumis \u00e0 l\u2019approbation des adh\u00e9rents, lors de l\u2019Assembl\u00e9e g\u00e9n\u00e9rale ordinaire du 8 mars 2026. Le Rucher du P\u00e9rigord, association des apiculteurs de la Dordogne, a tenu, dimanche 9 mars 2025, son Assembl\u00e9e g\u00e9n\u00e9rale au complexe G\u00e9rard Philipe de Coulounieix-Chamiers, en pr\u00e9sence de Mme&hellip; <p class=\"toivo-read-more\"><a href=\"https:\/\/www.lerucherduperigord.fr\/index.php\/2025\/12\/13\/compte-rendu-de-lassemblee-generale-du-9-mars-2025\/\" class=\"more-link\">Lire la suite <span class=\"screen-reader-text\">Compte rendu de l\u2019assembl\u00e9e g\u00e9n\u00e9rale du 9 Mars 2025<\/span><\/a><\/p>","protected":false},"author":1,"featured_media":0,"comment_status":"closed","ping_status":"closed","sticky":false,"template":"","format":"standard","meta":[],"categories":[11],"tags":[],"_links":{"self":[{"href":"https:\/\/www.lerucherduperigord.fr\/index.php\/wp-json\/wp\/v2\/posts\/932"}],"collection":[{"href":"https:\/\/www.lerucherduperigord.fr\/index.php\/wp-json\/wp\/v2\/posts"}],"about":[{"href":"https:\/\/www.lerucherduperigord.fr\/index.php\/wp-json\/wp\/v2\/types\/post"}],"author":[{"embeddable":true,"href":"https:\/\/www.lerucherduperigord.fr\/index.php\/wp-json\/wp\/v2\/users\/1"}],"replies":[{"embeddable":true,"href":"https:\/\/www.lerucherduperigord.fr\/index.php\/wp-json\/wp\/v2\/comments?post=932"}],"version-history":[{"count":3,"href":"https:\/\/www.lerucherduperigord.fr\/index.php\/wp-json\/wp\/v2\/posts\/932\/revisions"}],"predecessor-version":[{"id":935,"href":"https:\/\/www.lerucherduperigord.fr\/index.php\/wp-json\/wp\/v2\/posts\/932\/revisions\/935"}],"wp:attachment":[{"href":"https:\/\/www.lerucherduperigord.fr\/index.php\/wp-json\/wp\/v2\/media?parent=932"}],"wp:term":[{"taxonomy":"category","embeddable":true,"href":"https:\/\/www.lerucherduperigord.fr\/index.php\/wp-json\/wp\/v2\/categories?post=932"},{"taxonomy":"post_tag","embeddable":true,"href":"https:\/\/www.lerucherduperigord.fr\/index.php\/wp-json\/wp\/v2\/tags?post=932"}],"curies":[{"name":"wp","href":"https:\/\/api.w.org\/{rel}","templated":true}]}}