{"id":919,"date":"2025-12-10T21:21:36","date_gmt":"2025-12-10T20:21:36","guid":{"rendered":"https:\/\/www.lerucherduperigord.fr\/?p=919"},"modified":"2025-12-10T21:21:36","modified_gmt":"2025-12-10T20:21:36","slug":"bulletin-n164-juillet-2025","status":"publish","type":"post","link":"https:\/\/www.lerucherduperigord.fr\/index.php\/2025\/12\/10\/bulletin-n164-juillet-2025\/","title":{"rendered":"Bulletin n\u00b0164 &#8211; Juillet 2025"},"content":{"rendered":"<p><img loading=\"lazy\" class=\"alignnone size-full wp-image-920\" src=\"https:\/\/www.lerucherduperigord.fr\/wp-content\/uploads\/2025\/12\/maquette-juillet-2025_V7_page-0001.jpg\" alt=\"\" width=\"1241\" height=\"1755\" srcset=\"https:\/\/www.lerucherduperigord.fr\/wp-content\/uploads\/2025\/12\/maquette-juillet-2025_V7_page-0001.jpg 1241w, https:\/\/www.lerucherduperigord.fr\/wp-content\/uploads\/2025\/12\/maquette-juillet-2025_V7_page-0001-212x300.jpg 212w, https:\/\/www.lerucherduperigord.fr\/wp-content\/uploads\/2025\/12\/maquette-juillet-2025_V7_page-0001-724x1024.jpg 724w, https:\/\/www.lerucherduperigord.fr\/wp-content\/uploads\/2025\/12\/maquette-juillet-2025_V7_page-0001-768x1086.jpg 768w, https:\/\/www.lerucherduperigord.fr\/wp-content\/uploads\/2025\/12\/maquette-juillet-2025_V7_page-0001-1086x1536.jpg 1086w\" sizes=\"(max-width: 1241px) 100vw, 1241px\" \/><\/p>\n<p>Page 2 : Le mot abeille ? Toute une histoire !<br \/>\nPage 3 : Sommaire<br \/>\nPage 4 : Le mot du Pr\u00e9sident<br \/>\nPages 5 \u00e0 6 : Appel \u00e0 un renforcement de la vigilance sanitaire<br \/>\nPages 7 \u00e0 9 : Les travaux du trimestre<br \/>\nPages 10 \u00e0 11 : Fiche technique : r\u00e9unir deux colonies<br \/>\nPage 12 : Contribuons \u00e0 la sauvegarde des abeilles : initiative de Beno\u00eet Serre<br \/>\nPages 13 \u00e0 15 : Le c\u00e9rificateur solaire d\u2019Hugues<br \/>\nPage 16 : Le comit\u00e9 d\u2019entraide-Petite annonce<br \/>\nPages 17 \u00e0 20 : Le rucher-\u00e9cole \u2013 Formation au service d\u2019une grande entreprise, Fromarsac<br \/>\nPages 21 \u00e0 22 : Les manifestations en images<br \/>\nPage 23 : Les manifestations \u00e0 venir : \u00e0 vos agendas !<br \/>\nPages 24 \u00e0 25 : A la rencontre de nos apicultrices<br \/>\nPages 26 \u00e0 30 : La lutte contre le frelon asiatique<br \/>\nPage 31 : \u00catre technicien sanitaire apicole : appel \u00e0 candidatures<br \/>\nPage 32 : Flore mellif\u00e8re : le buddleia X weyeriana<br \/>\nPages 33 \u00e0 34 : Ce que nous dit la presse<br \/>\nPages 35 \u00e0 37 : PV du CA du 9 mars 2025<br \/>\nPages 38 \u00e0 39 : PV du CA extraordinaire du 10 mai 2025<br \/>\nPage 40 : Publicit\u00e9s<\/p>\n","protected":false},"excerpt":{"rendered":"Page 2 : Le mot abeille ? Toute une histoire ! Page 3 : Sommaire Page 4 : Le mot du Pr\u00e9sident Pages 5 \u00e0 6 : Appel \u00e0 un renforcement de la vigilance sanitaire Pages 7 \u00e0 9 : Les travaux du trimestre Pages 10 \u00e0 11 : Fiche technique : r\u00e9unir deux colonies&hellip; <p class=\"toivo-read-more\"><a href=\"https:\/\/www.lerucherduperigord.fr\/index.php\/2025\/12\/10\/bulletin-n164-juillet-2025\/\" class=\"more-link\">Lire la suite <span class=\"screen-reader-text\">Bulletin n\u00b0164 &#8211; Juillet 2025<\/span><\/a><\/p>","protected":false},"author":1,"featured_media":0,"comment_status":"closed","ping_status":"closed","sticky":false,"template":"","format":"standard","meta":[],"categories":[29],"tags":[],"_links":{"self":[{"href":"https:\/\/www.lerucherduperigord.fr\/index.php\/wp-json\/wp\/v2\/posts\/919"}],"collection":[{"href":"https:\/\/www.lerucherduperigord.fr\/index.php\/wp-json\/wp\/v2\/posts"}],"about":[{"href":"https:\/\/www.lerucherduperigord.fr\/index.php\/wp-json\/wp\/v2\/types\/post"}],"author":[{"embeddable":true,"href":"https:\/\/www.lerucherduperigord.fr\/index.php\/wp-json\/wp\/v2\/users\/1"}],"replies":[{"embeddable":true,"href":"https:\/\/www.lerucherduperigord.fr\/index.php\/wp-json\/wp\/v2\/comments?post=919"}],"version-history":[{"count":1,"href":"https:\/\/www.lerucherduperigord.fr\/index.php\/wp-json\/wp\/v2\/posts\/919\/revisions"}],"predecessor-version":[{"id":921,"href":"https:\/\/www.lerucherduperigord.fr\/index.php\/wp-json\/wp\/v2\/posts\/919\/revisions\/921"}],"wp:attachment":[{"href":"https:\/\/www.lerucherduperigord.fr\/index.php\/wp-json\/wp\/v2\/media?parent=919"}],"wp:term":[{"taxonomy":"category","embeddable":true,"href":"https:\/\/www.lerucherduperigord.fr\/index.php\/wp-json\/wp\/v2\/categories?post=919"},{"taxonomy":"post_tag","embeddable":true,"href":"https:\/\/www.lerucherduperigord.fr\/index.php\/wp-json\/wp\/v2\/tags?post=919"}],"curies":[{"name":"wp","href":"https:\/\/api.w.org\/{rel}","templated":true}]}}