{"id":915,"date":"2025-12-07T14:59:05","date_gmt":"2025-12-07T13:59:05","guid":{"rendered":"https:\/\/www.lerucherduperigord.fr\/?p=915"},"modified":"2025-12-07T14:59:05","modified_gmt":"2025-12-07T13:59:05","slug":"propolis-et-sante-dr-francoise-sauvager","status":"publish","type":"post","link":"https:\/\/www.lerucherduperigord.fr\/index.php\/2025\/12\/07\/propolis-et-sante-dr-francoise-sauvager\/","title":{"rendered":"Propolis et Sant\u00e9 &#8211; Dr Fran\u00e7oise SAUVAGER"},"content":{"rendered":"<p>Retrouvez le diaporama de Fran\u00e7oise Sauvager lors de sa conf\u00e9rence \u00ab\u00a0Propolis et Sant\u00e9\u00a0\u00bb \u00e0 P\u00e9rigueux le samedi 08 Novembre 2025.<\/p>\n<p>T\u00e9l\u00e9chargez avec le lien ci-dessous :<\/p>\n<p><a href=\"https:\/\/www.lerucherduperigord.fr\/wp-content\/uploads\/2025\/12\/propolis_Francoise_Sauvager.pdf\" target=\"_blank\" rel=\"noopener\">Propolis et sant\u00e9 &#8211; Francoise Sauvager<\/a><\/p>\n","protected":false},"excerpt":{"rendered":"Retrouvez le diaporama de Fran\u00e7oise Sauvager lors de sa conf\u00e9rence \u00ab\u00a0Propolis et Sant\u00e9\u00a0\u00bb \u00e0 P\u00e9rigueux le samedi 08 Novembre 2025. T\u00e9l\u00e9chargez avec le lien ci-dessous : Propolis et sant\u00e9 &#8211; Francoise Sauvager","protected":false},"author":1,"featured_media":0,"comment_status":"closed","ping_status":"closed","sticky":false,"template":"","format":"standard","meta":[],"categories":[1],"tags":[],"_links":{"self":[{"href":"https:\/\/www.lerucherduperigord.fr\/index.php\/wp-json\/wp\/v2\/posts\/915"}],"collection":[{"href":"https:\/\/www.lerucherduperigord.fr\/index.php\/wp-json\/wp\/v2\/posts"}],"about":[{"href":"https:\/\/www.lerucherduperigord.fr\/index.php\/wp-json\/wp\/v2\/types\/post"}],"author":[{"embeddable":true,"href":"https:\/\/www.lerucherduperigord.fr\/index.php\/wp-json\/wp\/v2\/users\/1"}],"replies":[{"embeddable":true,"href":"https:\/\/www.lerucherduperigord.fr\/index.php\/wp-json\/wp\/v2\/comments?post=915"}],"version-history":[{"count":2,"href":"https:\/\/www.lerucherduperigord.fr\/index.php\/wp-json\/wp\/v2\/posts\/915\/revisions"}],"predecessor-version":[{"id":918,"href":"https:\/\/www.lerucherduperigord.fr\/index.php\/wp-json\/wp\/v2\/posts\/915\/revisions\/918"}],"wp:attachment":[{"href":"https:\/\/www.lerucherduperigord.fr\/index.php\/wp-json\/wp\/v2\/media?parent=915"}],"wp:term":[{"taxonomy":"category","embeddable":true,"href":"https:\/\/www.lerucherduperigord.fr\/index.php\/wp-json\/wp\/v2\/categories?post=915"},{"taxonomy":"post_tag","embeddable":true,"href":"https:\/\/www.lerucherduperigord.fr\/index.php\/wp-json\/wp\/v2\/tags?post=915"}],"curies":[{"name":"wp","href":"https:\/\/api.w.org\/{rel}","templated":true}]}}