{"id":788,"date":"2024-04-20T21:04:21","date_gmt":"2024-04-20T19:04:21","guid":{"rendered":"https:\/\/www.lerucherduperigord.fr\/?p=788"},"modified":"2025-03-03T22:13:06","modified_gmt":"2025-03-03T21:13:06","slug":"bulletin-n158-janvier-2024","status":"publish","type":"post","link":"https:\/\/www.lerucherduperigord.fr\/index.php\/2024\/04\/20\/bulletin-n158-janvier-2024\/","title":{"rendered":"Bulletin n\u00b0158 &#8211; Janvier 2024"},"content":{"rendered":"<p><img loading=\"lazy\" class=\"alignnone size-full wp-image-790\" src=\"https:\/\/www.lerucherduperigord.fr\/wp-content\/uploads\/2024\/04\/1_maquette-Revue-janvier-2024_5_page-0001.jpg\" alt=\"\" width=\"1241\" height=\"1755\" srcset=\"https:\/\/www.lerucherduperigord.fr\/wp-content\/uploads\/2024\/04\/1_maquette-Revue-janvier-2024_5_page-0001.jpg 1241w, https:\/\/www.lerucherduperigord.fr\/wp-content\/uploads\/2024\/04\/1_maquette-Revue-janvier-2024_5_page-0001-212x300.jpg 212w, https:\/\/www.lerucherduperigord.fr\/wp-content\/uploads\/2024\/04\/1_maquette-Revue-janvier-2024_5_page-0001-724x1024.jpg 724w, https:\/\/www.lerucherduperigord.fr\/wp-content\/uploads\/2024\/04\/1_maquette-Revue-janvier-2024_5_page-0001-768x1086.jpg 768w, https:\/\/www.lerucherduperigord.fr\/wp-content\/uploads\/2024\/04\/1_maquette-Revue-janvier-2024_5_page-0001-1086x1536.jpg 1086w\" sizes=\"(max-width: 1241px) 100vw, 1241px\" \/><\/p>\n<p>Page 2 : Notre revue<br \/>\nPage 3 : Sommaire<br \/>\nPage 4 : Le mot du Pr\u00e9sident<br \/>\nPage 5 : Assembl\u00e9e g\u00e9n\u00e9rale ordinaire du 10 mars 24 \u2013 Ordre du jour<br \/>\nPages 6 \u00e0 7 : Votre bulletin d\u2019adh\u00e9sion et votre assurance d\u2019apiculteur<br \/>\nPages 8 \u00e0 9 : Notre m\u00e9tier &#8211; Les travaux du trimestre<br \/>\nPages 10 \u00e0 12 : Fiche technique : R\u00e9cup\u00e9rer un essaim naturel<br \/>\nPages 13 \u00e0 14 : Un t\u00e9moignage \u00ab Et si je faisais revenir l\u2019essaim \u00e0 la ruche ?\u00bb<br \/>\nPages 15 \u00e0 19 : Fiche technique : L\u2019enfumoir<br \/>\nPages 20 \u00e0 22 : Le rucher-\u00e9cole : session de formation 2024<br \/>\nPage 23 : Le comit\u00e9 d\u2019entraide &#8211; Petites annonces<br \/>\nPages 24 \u00e0 25 : La journ\u00e9e d\u2019\u00e9change de cire<br \/>\nPages 26 \u00e0 27 : Apiculteurs, unissons nos forces ! La lutte contre le frelon asiatique<br \/>\nPage 28 : Recette au miel : le pain d\u2019\u00e9pices onctueux<br \/>\nPage 29 : Flore mellif\u00e8re : L\u2019hell\u00e9bore ou la rose de No\u00ebl<br \/>\nPages 30 \u00e0 31 : Comment un oiseau sauvage a fait alliance avec les chasseurs de miel<br \/>\nPage 32 : Le concours Saveurs dans la cat\u00e9gorie des miels<br \/>\nPages 33 \u00e0 36 : Inauguration du nouveau d\u00e9p\u00f4t<br \/>\nPages 37 \u00e0 40 : PV des assembl\u00e9es g\u00e9n\u00e9rales ordinaire et extraordinaire du 12 mars 2023<br \/>\nPages 41 \u00e0 43 : PV du CA du 2 septembre 2024<\/p>\n","protected":false},"excerpt":{"rendered":"Page 2 : Notre revue Page 3 : Sommaire Page 4 : Le mot du Pr\u00e9sident Page 5 : Assembl\u00e9e g\u00e9n\u00e9rale ordinaire du 10 mars 24 \u2013 Ordre du jour Pages 6 \u00e0 7 : Votre bulletin d\u2019adh\u00e9sion et votre assurance d\u2019apiculteur Pages 8 \u00e0 9 : Notre m\u00e9tier &#8211; Les travaux du trimestre Pages&hellip; <p class=\"toivo-read-more\"><a href=\"https:\/\/www.lerucherduperigord.fr\/index.php\/2024\/04\/20\/bulletin-n158-janvier-2024\/\" class=\"more-link\">Lire la suite <span class=\"screen-reader-text\">Bulletin n\u00b0158 &#8211; Janvier 2024<\/span><\/a><\/p>","protected":false},"author":1,"featured_media":0,"comment_status":"closed","ping_status":"closed","sticky":false,"template":"","format":"standard","meta":[],"categories":[16,28],"tags":[],"_links":{"self":[{"href":"https:\/\/www.lerucherduperigord.fr\/index.php\/wp-json\/wp\/v2\/posts\/788"}],"collection":[{"href":"https:\/\/www.lerucherduperigord.fr\/index.php\/wp-json\/wp\/v2\/posts"}],"about":[{"href":"https:\/\/www.lerucherduperigord.fr\/index.php\/wp-json\/wp\/v2\/types\/post"}],"author":[{"embeddable":true,"href":"https:\/\/www.lerucherduperigord.fr\/index.php\/wp-json\/wp\/v2\/users\/1"}],"replies":[{"embeddable":true,"href":"https:\/\/www.lerucherduperigord.fr\/index.php\/wp-json\/wp\/v2\/comments?post=788"}],"version-history":[{"count":1,"href":"https:\/\/www.lerucherduperigord.fr\/index.php\/wp-json\/wp\/v2\/posts\/788\/revisions"}],"predecessor-version":[{"id":791,"href":"https:\/\/www.lerucherduperigord.fr\/index.php\/wp-json\/wp\/v2\/posts\/788\/revisions\/791"}],"wp:attachment":[{"href":"https:\/\/www.lerucherduperigord.fr\/index.php\/wp-json\/wp\/v2\/media?parent=788"}],"wp:term":[{"taxonomy":"category","embeddable":true,"href":"https:\/\/www.lerucherduperigord.fr\/index.php\/wp-json\/wp\/v2\/categories?post=788"},{"taxonomy":"post_tag","embeddable":true,"href":"https:\/\/www.lerucherduperigord.fr\/index.php\/wp-json\/wp\/v2\/tags?post=788"}],"curies":[{"name":"wp","href":"https:\/\/api.w.org\/{rel}","templated":true}]}}