{"id":757,"date":"2023-09-03T09:42:46","date_gmt":"2023-09-03T07:42:46","guid":{"rendered":"https:\/\/www.lerucherduperigord.fr\/?p=757"},"modified":"2023-09-03T09:42:46","modified_gmt":"2023-09-03T07:42:46","slug":"bulletin-n156-juillet-2023","status":"publish","type":"post","link":"https:\/\/www.lerucherduperigord.fr\/index.php\/2023\/09\/03\/bulletin-n156-juillet-2023\/","title":{"rendered":"Bulletin n\u00b0156 &#8211; Juillet 2023"},"content":{"rendered":"<p><img loading=\"lazy\" class=\"alignnone size-full wp-image-758\" src=\"https:\/\/www.lerucherduperigord.fr\/wp-content\/uploads\/2023\/09\/couverture_juillet_2023_page-0001.jpg\" alt=\"\" width=\"1241\" height=\"1755\" srcset=\"https:\/\/www.lerucherduperigord.fr\/wp-content\/uploads\/2023\/09\/couverture_juillet_2023_page-0001.jpg 1241w, https:\/\/www.lerucherduperigord.fr\/wp-content\/uploads\/2023\/09\/couverture_juillet_2023_page-0001-212x300.jpg 212w, https:\/\/www.lerucherduperigord.fr\/wp-content\/uploads\/2023\/09\/couverture_juillet_2023_page-0001-724x1024.jpg 724w, https:\/\/www.lerucherduperigord.fr\/wp-content\/uploads\/2023\/09\/couverture_juillet_2023_page-0001-768x1086.jpg 768w, https:\/\/www.lerucherduperigord.fr\/wp-content\/uploads\/2023\/09\/couverture_juillet_2023_page-0001-1086x1536.jpg 1086w\" sizes=\"(max-width: 1241px) 100vw, 1241px\" \/><\/p>\n<p>Page 2 : Une revue renouvel\u00e9e en 2024<br \/>\nPage 3 : Sommaire<br \/>\nPage 4 : Le mot du Pr\u00e9sident<br \/>\nPage 5 : Le comit\u00e9 d\u2019entraide \u2013 Petites annonces<br \/>\nPages 6 \u00e0 7 : Notre m\u00e9tier \u2013 Les travaux du trimestre<br \/>\nPages 8 \u00e0 9 : Pour l\u2019apiculteur d\u00e9butant : \u00ab J\u2019extrais le miel de mes ruches \u00bb<br \/>\nPages 10 \u00e0 11 : Fiche technique : la visite d\u2019automne ou mise en hivernage<br \/>\nPage 12 : Le papillon de la ruche<br \/>\nPage 13 : L\u2019oranger du Mexique<br \/>\nPages 14 \u00e0 15 : Le rucher-\u00e9cole<br \/>\nPages 16 \u00e0 18 : Manifestations en images et \u00e0 venir \u2013 Animations en images<br \/>\nPage 19 : Recette : Fenouil r\u00f4ti au miel et au citron<br \/>\nPages 20 \u00e0 21 : Lectures<br \/>\n&#8211; Les ruches bleues<br \/>\n&#8211; Le jardin de Juliette et Jos\u00e9phine<br \/>\nPages 22 \u00e0 23 : Le papillon monarque \u2013 Nos peines<br \/>\nPages 24 \u00e0 25 : Ce que nous rapporte la presse<br \/>\nPages 26 \u00e0 27 : Ce que nous dit la science<br \/>\nPages 28 \u00e0 31 : D\u00e9bat : Apis Mellifera vs biodiversit\u00e9<br \/>\nPages 32 \u00e0 34 : PV du CA du 25 mars 2023<br \/>\nPage 35 : PV de l\u2019AG et CA d\u2019Apidor<br \/>\nPage 36 : Publicit\u00e9s<\/p>\n","protected":false},"excerpt":{"rendered":"Page 2 : Une revue renouvel\u00e9e en 2024 Page 3 : Sommaire Page 4 : Le mot du Pr\u00e9sident Page 5 : Le comit\u00e9 d\u2019entraide \u2013 Petites annonces Pages 6 \u00e0 7 : Notre m\u00e9tier \u2013 Les travaux du trimestre Pages 8 \u00e0 9 : Pour l\u2019apiculteur d\u00e9butant : \u00ab J\u2019extrais le miel de mes&hellip; <p class=\"toivo-read-more\"><a href=\"https:\/\/www.lerucherduperigord.fr\/index.php\/2023\/09\/03\/bulletin-n156-juillet-2023\/\" class=\"more-link\">Lire la suite <span class=\"screen-reader-text\">Bulletin n\u00b0156 &#8211; Juillet 2023<\/span><\/a><\/p>","protected":false},"author":1,"featured_media":0,"comment_status":"closed","ping_status":"closed","sticky":false,"template":"","format":"standard","meta":[],"categories":[16],"tags":[],"_links":{"self":[{"href":"https:\/\/www.lerucherduperigord.fr\/index.php\/wp-json\/wp\/v2\/posts\/757"}],"collection":[{"href":"https:\/\/www.lerucherduperigord.fr\/index.php\/wp-json\/wp\/v2\/posts"}],"about":[{"href":"https:\/\/www.lerucherduperigord.fr\/index.php\/wp-json\/wp\/v2\/types\/post"}],"author":[{"embeddable":true,"href":"https:\/\/www.lerucherduperigord.fr\/index.php\/wp-json\/wp\/v2\/users\/1"}],"replies":[{"embeddable":true,"href":"https:\/\/www.lerucherduperigord.fr\/index.php\/wp-json\/wp\/v2\/comments?post=757"}],"version-history":[{"count":1,"href":"https:\/\/www.lerucherduperigord.fr\/index.php\/wp-json\/wp\/v2\/posts\/757\/revisions"}],"predecessor-version":[{"id":759,"href":"https:\/\/www.lerucherduperigord.fr\/index.php\/wp-json\/wp\/v2\/posts\/757\/revisions\/759"}],"wp:attachment":[{"href":"https:\/\/www.lerucherduperigord.fr\/index.php\/wp-json\/wp\/v2\/media?parent=757"}],"wp:term":[{"taxonomy":"category","embeddable":true,"href":"https:\/\/www.lerucherduperigord.fr\/index.php\/wp-json\/wp\/v2\/categories?post=757"},{"taxonomy":"post_tag","embeddable":true,"href":"https:\/\/www.lerucherduperigord.fr\/index.php\/wp-json\/wp\/v2\/tags?post=757"}],"curies":[{"name":"wp","href":"https:\/\/api.w.org\/{rel}","templated":true}]}}