{"id":710,"date":"2022-07-02T16:58:22","date_gmt":"2022-07-02T14:58:22","guid":{"rendered":"https:\/\/www.lerucherduperigord.fr\/?p=710"},"modified":"2022-07-18T19:45:43","modified_gmt":"2022-07-18T17:45:43","slug":"bulletin-n152-juillet-2022","status":"publish","type":"post","link":"https:\/\/www.lerucherduperigord.fr\/index.php\/2022\/07\/02\/bulletin-n152-juillet-2022\/","title":{"rendered":"Bulletin n\u00b0152 &#8211; Juillet 2022"},"content":{"rendered":"<p><img loading=\"lazy\" class=\"alignnone size-full wp-image-711\" src=\"https:\/\/www.lerucherduperigord.fr\/wp-content\/uploads\/2022\/07\/220620-juill-22-FINAL_page-0001.jpg\" alt=\"\" width=\"1241\" height=\"1755\" srcset=\"https:\/\/www.lerucherduperigord.fr\/wp-content\/uploads\/2022\/07\/220620-juill-22-FINAL_page-0001.jpg 1241w, https:\/\/www.lerucherduperigord.fr\/wp-content\/uploads\/2022\/07\/220620-juill-22-FINAL_page-0001-212x300.jpg 212w, https:\/\/www.lerucherduperigord.fr\/wp-content\/uploads\/2022\/07\/220620-juill-22-FINAL_page-0001-724x1024.jpg 724w, https:\/\/www.lerucherduperigord.fr\/wp-content\/uploads\/2022\/07\/220620-juill-22-FINAL_page-0001-768x1086.jpg 768w, https:\/\/www.lerucherduperigord.fr\/wp-content\/uploads\/2022\/07\/220620-juill-22-FINAL_page-0001-1086x1536.jpg 1086w\" sizes=\"(max-width: 1241px) 100vw, 1241px\" \/><\/p>\n<p>Page 2 : Jeu-photo &#8211; Erratum-Facebook.<br \/>\nPage 3 : Sommaire.<br \/>\nPage 4 : Le mot du pr\u00e9sident.<br \/>\nPage 5 : Budget Participatif.<br \/>\nPage 6 : Notre m\u00e9tier.<br \/>\nPages 7 \u00e0 9 : Fiches techniques :<br \/>\n&#8211; l\u2019utilisation du chasse-abeilles ;<br \/>\n&#8211; Visite d\u2019automne.<br \/>\nPages 10 \u00e0 11 : Le Rucher Ecole.<br \/>\nPage 12 : Comit\u00e9 d\u2019entraide-Biblioth\u00e8que-Petite annonce.<br \/>\nPages 13 \u00e0 15 : Manifestations en images :<br \/>\n&#8211; Tamni\u00e8s les 13 et 14 mai ;<br \/>\n&#8211; Rib\u00e9rac : les Floralies les 14 et 15 mai ;<br \/>\n&#8211; Excideuil : le march\u00e9 gourmand le 21 mai ;<br \/>\n&#8211; Prigonrieux : Un apiculteur \u00e0 l\u2019\u00e9cole le 22 mai.<br \/>\nPage 16 : Manifestations \u00e0 venir.<br \/>\nPage 17 : Lecture : Les abeilles d\u2019hiver de Norbert Scheuer.<br \/>\nPages 18 \u00e0 19 : Recettes au miel :<br \/>\n&#8211; Toasts au roquefort, aux noix et au miel ;<br \/>\n&#8211; Cheesecake sans cuisson au citron et au miel.<br \/>\nPages 20 \u00e0 27 : Informations :<br \/>\n&#8211; le nouvel \u00e9tiquetage ;<br \/>\n&#8211; les prestations de la pollinisation : les apiculteurs p\u00e8sent le pour ou le contre.<br \/>\nPages 28 \u00e0 29 : Ce que nous dit la science :<br \/>\n&#8211; Des scientifiques cr\u00e9ent une nouvelle abeille r\u00e9sistante ;<br \/>\n&#8211; Les ph\u00e9romones, une solution de lutte contre les frelons asiatiques.<br \/>\nPages 30 \u00e0 31 : Proc\u00e8s-Verbal du C.A. du 26 mars.<br \/>\nPages 32 \u00e0 33 : Ce que nous dit la presse :<br \/>\n&#8211; Le Rucher du P\u00e9rigord ;<br \/>\n&#8211; Un partenariat de bon aloi.<br \/>\nPages 34 \u00e0 35 : Flore Mellif\u00e8re : Le millepertuis.<br \/>\nPage 36 : Publicit\u00e9s.<\/p>\n","protected":false},"excerpt":{"rendered":"Page 2 : Jeu-photo &#8211; Erratum-Facebook. Page 3 : Sommaire. Page 4 : Le mot du pr\u00e9sident. Page 5 : Budget Participatif. Page 6 : Notre m\u00e9tier. Pages 7 \u00e0 9 : Fiches techniques : &#8211; l\u2019utilisation du chasse-abeilles ; &#8211; Visite d\u2019automne. Pages 10 \u00e0 11 : Le Rucher Ecole. Page 12 : Comit\u00e9&hellip; <p class=\"toivo-read-more\"><a href=\"https:\/\/www.lerucherduperigord.fr\/index.php\/2022\/07\/02\/bulletin-n152-juillet-2022\/\" class=\"more-link\">Lire la suite <span class=\"screen-reader-text\">Bulletin n\u00b0152 &#8211; Juillet 2022<\/span><\/a><\/p>","protected":false},"author":1,"featured_media":0,"comment_status":"closed","ping_status":"closed","sticky":false,"template":"","format":"standard","meta":[],"categories":[16],"tags":[],"_links":{"self":[{"href":"https:\/\/www.lerucherduperigord.fr\/index.php\/wp-json\/wp\/v2\/posts\/710"}],"collection":[{"href":"https:\/\/www.lerucherduperigord.fr\/index.php\/wp-json\/wp\/v2\/posts"}],"about":[{"href":"https:\/\/www.lerucherduperigord.fr\/index.php\/wp-json\/wp\/v2\/types\/post"}],"author":[{"embeddable":true,"href":"https:\/\/www.lerucherduperigord.fr\/index.php\/wp-json\/wp\/v2\/users\/1"}],"replies":[{"embeddable":true,"href":"https:\/\/www.lerucherduperigord.fr\/index.php\/wp-json\/wp\/v2\/comments?post=710"}],"version-history":[{"count":2,"href":"https:\/\/www.lerucherduperigord.fr\/index.php\/wp-json\/wp\/v2\/posts\/710\/revisions"}],"predecessor-version":[{"id":714,"href":"https:\/\/www.lerucherduperigord.fr\/index.php\/wp-json\/wp\/v2\/posts\/710\/revisions\/714"}],"wp:attachment":[{"href":"https:\/\/www.lerucherduperigord.fr\/index.php\/wp-json\/wp\/v2\/media?parent=710"}],"wp:term":[{"taxonomy":"category","embeddable":true,"href":"https:\/\/www.lerucherduperigord.fr\/index.php\/wp-json\/wp\/v2\/categories?post=710"},{"taxonomy":"post_tag","embeddable":true,"href":"https:\/\/www.lerucherduperigord.fr\/index.php\/wp-json\/wp\/v2\/tags?post=710"}],"curies":[{"name":"wp","href":"https:\/\/api.w.org\/{rel}","templated":true}]}}