{"id":623,"date":"2021-06-18T08:32:43","date_gmt":"2021-06-18T06:32:43","guid":{"rendered":"http:\/\/www.lerucherduperigord.fr\/?p=623"},"modified":"2022-04-12T21:42:02","modified_gmt":"2022-04-12T19:42:02","slug":"bulletin-n148-juillet-2021","status":"publish","type":"post","link":"https:\/\/www.lerucherduperigord.fr\/index.php\/2021\/06\/18\/bulletin-n148-juillet-2021\/","title":{"rendered":"Bulletin n\u00b0148 &#8211; Juillet 2021"},"content":{"rendered":"<p><img loading=\"lazy\" class=\"alignnone size-full wp-image-624\" src=\"http:\/\/leruchersx.cluster023.hosting.ovh.net\/wp-content\/uploads\/2021\/06\/1_PDFsam_210616-juil-21-2-page-001.jpg\" alt=\"\" width=\"1240\" height=\"1754\" srcset=\"https:\/\/www.lerucherduperigord.fr\/wp-content\/uploads\/2021\/06\/1_PDFsam_210616-juil-21-2-page-001.jpg 1240w, https:\/\/www.lerucherduperigord.fr\/wp-content\/uploads\/2021\/06\/1_PDFsam_210616-juil-21-2-page-001-212x300.jpg 212w, https:\/\/www.lerucherduperigord.fr\/wp-content\/uploads\/2021\/06\/1_PDFsam_210616-juil-21-2-page-001-724x1024.jpg 724w, https:\/\/www.lerucherduperigord.fr\/wp-content\/uploads\/2021\/06\/1_PDFsam_210616-juil-21-2-page-001-768x1086.jpg 768w, https:\/\/www.lerucherduperigord.fr\/wp-content\/uploads\/2021\/06\/1_PDFsam_210616-juil-21-2-page-001-1086x1536.jpg 1086w\" sizes=\"(max-width: 1240px) 100vw, 1240px\" \/><\/p>\n<p>Page 2 Jeu photo : D\u00e9couvrons un village ! &#8211; Annonce du site Facebook du Rucher du P\u00e9rigord.<br \/>\nPage 3 Sommaire.<br \/>\nPage 4 Le mot du Pr\u00e9sident.<br \/>\nPage 5 Notre m\u00e9tier \u2013 Les travaux du trimestre.<br \/>\nPages 6 \u00e0 7 Fiche technique : la r\u00e9colte du miel.<br \/>\nPages 8 \u00e0 10 Article sur les fourmis de Hugues Marqu\u00e8s.<br \/>\nPages 11 \u00e0 13 Le Rucher Ecole en images :<br \/>\n-Le samedi 3 avril.<br \/>\n-Le samedi 22 mai.<br \/>\nPages 14 \u00e0 18 Le comit\u00e9 d\u2019entraide -Nos peines- Petites annonces-Manifestations.<br \/>\nPage 19 Lecture: \u00abLa vall\u00e9e de l\u2019abeille noire \u00bb d\u2019Yves Elie.<br \/>\nPages 20 \u00e0 22 Hommage \u00e0 Daniel Dumonteuil et \u00e0 Val\u00e9rie Girard.<br \/>\nPage 23 Les ruches color\u00e9es.<br \/>\nPages 24 \u00e0 25 Recettes au miel :<br \/>\n&#8211; Pizza avec ch\u00e8vre, miel et noix<br \/>\n(pour 2 personnes).<br \/>\n&#8211; Salade de fruits version Tahiti (4 parts).<br \/>\nPages 26 \u00e0 30 P\u00e9r\u00e9grinations asiatiques en Malaisie et au N\u00e9pal.<br \/>\nPages 31 \u00e0 35 Informations :<br \/>\n* Qualit\u00e9 des miels, gel\u00e9es royales, sirops d\u2019\u00e9rable et d\u2019agave.<br \/>\n* Vol de ruche : le ph\u00e9nom\u00e8ne prend de l\u2019ampleur entre apiculteurs.<br \/>\nPages 36 \u00e0 38 Les travaux de l\u2019I.T.S.A.P. : essai euro- p\u00e9en sur la technique d\u2019interruption de couvain dans la lutte contre le var- roa.<br \/>\nPages 39 \u00e0 41 Proc\u00e8s-verbal du C.A. du 8 mai 2021.<br \/>\nPages 42 \u00e0 43 Flore mellif\u00e8re : L\u2019ang\u00e9lique.<br \/>\nPage 44 Publicit\u00e9s.<\/p>\n","protected":false},"excerpt":{"rendered":"Page 2 Jeu photo : D\u00e9couvrons un village ! &#8211; Annonce du site Facebook du Rucher du P\u00e9rigord. Page 3 Sommaire. Page 4 Le mot du Pr\u00e9sident. Page 5 Notre m\u00e9tier \u2013 Les travaux du trimestre. Pages 6 \u00e0 7 Fiche technique : la r\u00e9colte du miel. Pages 8 \u00e0 10 Article sur les fourmis&hellip; <p class=\"toivo-read-more\"><a href=\"https:\/\/www.lerucherduperigord.fr\/index.php\/2021\/06\/18\/bulletin-n148-juillet-2021\/\" class=\"more-link\">Lire la suite <span class=\"screen-reader-text\">Bulletin n\u00b0148 &#8211; Juillet 2021<\/span><\/a><\/p>","protected":false},"author":1,"featured_media":0,"comment_status":"closed","ping_status":"closed","sticky":false,"template":"","format":"standard","meta":[],"categories":[16,25],"tags":[],"_links":{"self":[{"href":"https:\/\/www.lerucherduperigord.fr\/index.php\/wp-json\/wp\/v2\/posts\/623"}],"collection":[{"href":"https:\/\/www.lerucherduperigord.fr\/index.php\/wp-json\/wp\/v2\/posts"}],"about":[{"href":"https:\/\/www.lerucherduperigord.fr\/index.php\/wp-json\/wp\/v2\/types\/post"}],"author":[{"embeddable":true,"href":"https:\/\/www.lerucherduperigord.fr\/index.php\/wp-json\/wp\/v2\/users\/1"}],"replies":[{"embeddable":true,"href":"https:\/\/www.lerucherduperigord.fr\/index.php\/wp-json\/wp\/v2\/comments?post=623"}],"version-history":[{"count":2,"href":"https:\/\/www.lerucherduperigord.fr\/index.php\/wp-json\/wp\/v2\/posts\/623\/revisions"}],"predecessor-version":[{"id":626,"href":"https:\/\/www.lerucherduperigord.fr\/index.php\/wp-json\/wp\/v2\/posts\/623\/revisions\/626"}],"wp:attachment":[{"href":"https:\/\/www.lerucherduperigord.fr\/index.php\/wp-json\/wp\/v2\/media?parent=623"}],"wp:term":[{"taxonomy":"category","embeddable":true,"href":"https:\/\/www.lerucherduperigord.fr\/index.php\/wp-json\/wp\/v2\/categories?post=623"},{"taxonomy":"post_tag","embeddable":true,"href":"https:\/\/www.lerucherduperigord.fr\/index.php\/wp-json\/wp\/v2\/tags?post=623"}],"curies":[{"name":"wp","href":"https:\/\/api.w.org\/{rel}","templated":true}]}}