{"id":601,"date":"2021-03-22T21:16:07","date_gmt":"2021-03-22T20:16:07","guid":{"rendered":"http:\/\/www.lerucherduperigord.fr\/?p=601"},"modified":"2022-04-12T21:42:23","modified_gmt":"2022-04-12T19:42:23","slug":"bulletin-n147-avril-2021","status":"publish","type":"post","link":"https:\/\/www.lerucherduperigord.fr\/index.php\/2021\/03\/22\/bulletin-n147-avril-2021\/","title":{"rendered":"Bulletin n\u00b0147 &#8211; Avril 2021"},"content":{"rendered":"<p><img loading=\"lazy\" class=\"alignnone size-full wp-image-602\" src=\"http:\/\/leruchersx.cluster023.hosting.ovh.net\/wp-content\/uploads\/2021\/03\/COUVERTURE-ET-SOMMAIRE-DE-LA-REVUE-D-AVRIL-2021-page-001.jpg\" alt=\"Bulletin 147\" width=\"1240\" height=\"1754\" srcset=\"https:\/\/www.lerucherduperigord.fr\/wp-content\/uploads\/2021\/03\/COUVERTURE-ET-SOMMAIRE-DE-LA-REVUE-D-AVRIL-2021-page-001.jpg 1240w, https:\/\/www.lerucherduperigord.fr\/wp-content\/uploads\/2021\/03\/COUVERTURE-ET-SOMMAIRE-DE-LA-REVUE-D-AVRIL-2021-page-001-212x300.jpg 212w, https:\/\/www.lerucherduperigord.fr\/wp-content\/uploads\/2021\/03\/COUVERTURE-ET-SOMMAIRE-DE-LA-REVUE-D-AVRIL-2021-page-001-724x1024.jpg 724w, https:\/\/www.lerucherduperigord.fr\/wp-content\/uploads\/2021\/03\/COUVERTURE-ET-SOMMAIRE-DE-LA-REVUE-D-AVRIL-2021-page-001-768x1086.jpg 768w, https:\/\/www.lerucherduperigord.fr\/wp-content\/uploads\/2021\/03\/COUVERTURE-ET-SOMMAIRE-DE-LA-REVUE-D-AVRIL-2021-page-001-1086x1536.jpg 1086w\" sizes=\"(max-width: 1240px) 100vw, 1240px\" \/><\/p>\n<p>Page 2 Le b\u00e9n\u00e9volat au Rucher du P\u00e9rigord \u2013 V\u00e9rification des comptes le 27 f\u00e9vrier.<\/p>\n<p>Page 3 Sommaire.<\/p>\n<p>Page 4 Le mot du pr\u00e9sident.<\/p>\n<p>Pages 5 \u00e0 7 L\u2019Assembl\u00e9e G\u00e9n\u00e9rale 2021.<\/p>\n<p>Page 8 Notre m\u00e9tier.<\/p>\n<p>Pages 9 \u00e0 10 Fiche technique\u00a0: la ruche divisible.<\/p>\n<p>Pages 11 \u00e0 13 Plan national de lutte contre le frelon asiatique.<\/p>\n<p>Page 14 Le Rucher Ecole : formation th\u00e9orique par vid\u00e9os.<\/p>\n<p>Page 15 Formations compl\u00e9mentaires \u00e0 Thiviers.<\/p>\n<p>Pages 16 \u00e0 19 Le comit\u00e9 d\u2019entraide \u2013 Annonces \u2013 D\u00e9c\u00e8s \u2013 Manifestations pr\u00e9vues.<\/p>\n<p>Pages 20 \u00e0 22 Texte philosophique : ce que dit Marx des abeilles.<\/p>\n<p>Pages\u00a023 \u00e0 24 Recettes au miel\u00a0:<\/p>\n<p>&#8211; Tatin Endives miel et ch\u00e8vre\u00a0;<br \/>\n&#8211; Baklawa aux noisettes et amandes.<\/p>\n<p>Pages 25 \u00e0 27 La \u00ab\u00a0gardienne des abeilles\u00a0\u00bb au Mexique.<\/p>\n<p>Pages 28 \u00e0 34 Ce que nous dit la science\u00a0:<\/p>\n<p>Pourquoi les abeilles sont bonnes en maths\u00a0?<br \/>\nLes abeilles utilisent des excr\u00e9ments pour se<br \/>\nd\u00e9fendre des frelons g\u00e9ants.<br \/>\nL\u2019abeille domestique n\u2019est pas la seule proie<br \/>\ndes frelons asiatiques.<\/p>\n<p>Pages 35 \u00e0 36 Note de la Direction G\u00e9n\u00e9rale de l\u2019Alimentation &#8211; Application sur le web.<\/p>\n<p>Pages 37 \u00e0 38 Proc\u00e8s-verbal du C.A. d\u2019Apidor du 21 janvier 2021.<\/p>\n<p>Page 39 Proc\u00e8s-verbal du C.A. du 23 d\u00e9cembre 2020.<\/p>\n<p>Pages 40 \u00e0 41 Proc\u00e8s-verbal du C.A. du 23 janvier 2021.<\/p>\n<p>Pages 42 \u00e0 43 Flore Mellif\u00e8re : le photinia.<\/p>\n<p>Page 44 Publicit\u00e9s.<\/p>\n","protected":false},"excerpt":{"rendered":"Page 2 Le b\u00e9n\u00e9volat au Rucher du P\u00e9rigord \u2013 V\u00e9rification des comptes le 27 f\u00e9vrier. Page 3 Sommaire. Page 4 Le mot du pr\u00e9sident. Pages 5 \u00e0 7 L\u2019Assembl\u00e9e G\u00e9n\u00e9rale 2021. Page 8 Notre m\u00e9tier. Pages 9 \u00e0 10 Fiche technique\u00a0: la ruche divisible. Pages 11 \u00e0 13 Plan national de lutte contre le frelon&hellip; <p class=\"toivo-read-more\"><a href=\"https:\/\/www.lerucherduperigord.fr\/index.php\/2021\/03\/22\/bulletin-n147-avril-2021\/\" class=\"more-link\">Lire la suite <span class=\"screen-reader-text\">Bulletin n\u00b0147 &#8211; Avril 2021<\/span><\/a><\/p>","protected":false},"author":1,"featured_media":0,"comment_status":"closed","ping_status":"closed","sticky":false,"template":"","format":"standard","meta":[],"categories":[16,25],"tags":[],"_links":{"self":[{"href":"https:\/\/www.lerucherduperigord.fr\/index.php\/wp-json\/wp\/v2\/posts\/601"}],"collection":[{"href":"https:\/\/www.lerucherduperigord.fr\/index.php\/wp-json\/wp\/v2\/posts"}],"about":[{"href":"https:\/\/www.lerucherduperigord.fr\/index.php\/wp-json\/wp\/v2\/types\/post"}],"author":[{"embeddable":true,"href":"https:\/\/www.lerucherduperigord.fr\/index.php\/wp-json\/wp\/v2\/users\/1"}],"replies":[{"embeddable":true,"href":"https:\/\/www.lerucherduperigord.fr\/index.php\/wp-json\/wp\/v2\/comments?post=601"}],"version-history":[{"count":6,"href":"https:\/\/www.lerucherduperigord.fr\/index.php\/wp-json\/wp\/v2\/posts\/601\/revisions"}],"predecessor-version":[{"id":614,"href":"https:\/\/www.lerucherduperigord.fr\/index.php\/wp-json\/wp\/v2\/posts\/601\/revisions\/614"}],"wp:attachment":[{"href":"https:\/\/www.lerucherduperigord.fr\/index.php\/wp-json\/wp\/v2\/media?parent=601"}],"wp:term":[{"taxonomy":"category","embeddable":true,"href":"https:\/\/www.lerucherduperigord.fr\/index.php\/wp-json\/wp\/v2\/categories?post=601"},{"taxonomy":"post_tag","embeddable":true,"href":"https:\/\/www.lerucherduperigord.fr\/index.php\/wp-json\/wp\/v2\/tags?post=601"}],"curies":[{"name":"wp","href":"https:\/\/api.w.org\/{rel}","templated":true}]}}