{"id":450,"date":"2019-08-17T00:27:21","date_gmt":"2019-08-16T22:27:21","guid":{"rendered":"http:\/\/www.lerucherduperigord.fr\/?p=450"},"modified":"2020-06-03T19:19:12","modified_gmt":"2020-06-03T17:19:12","slug":"bulletin-140-juillet-2019","status":"publish","type":"post","link":"https:\/\/www.lerucherduperigord.fr\/index.php\/2019\/08\/17\/bulletin-140-juillet-2019\/","title":{"rendered":"Bulletin n\u00b0140 &#8211; Juillet 2019"},"content":{"rendered":"<p><img loading=\"lazy\" class=\"alignnone size-medium wp-image-431 aligncenter\" src=\"http:\/\/leruchersx.cluster023.hosting.ovh.net\/wp-content\/uploads\/2019\/08\/2019-juillet-n140-225x300.jpg\" alt=\"\" width=\"225\" height=\"300\" srcset=\"https:\/\/www.lerucherduperigord.fr\/wp-content\/uploads\/2019\/08\/2019-juillet-n140-225x300.jpg 225w, https:\/\/www.lerucherduperigord.fr\/wp-content\/uploads\/2019\/08\/2019-juillet-n140.jpg 398w\" sizes=\"(max-width: 225px) 100vw, 225px\" \/><\/p>\n<p>Page 2 : Quelques activit\u00e9s du Rucher.<br \/>\nPage 3 : Sommaire.<br \/>\nPage 4 : Le mot du Pr\u00e9sident.<br \/>\nPage 5 : Notre m\u00e9tier \u2013 Les travaux du trimestre.<br \/>\nPages 6 \u00e0 9 : Fiche technique : L\u2019utilisation du chasse-abeilles.<br \/>\nPages 10 et 11 : Transvasement d\u2019une colonie d\u2019abeilles.<br \/>\nPages 12 \u00e0 14 : Rucher \u00e9cole en images : Formation pratique et formation th\u00e9orique.<br \/>\nPage 16 : Le comit\u00e9 d\u2019entraide. Petites annonces.<br \/>\nPages 17 \u00e0 21 : Thiviers, journ\u00e9e apicole du 16 juin et journ\u00e9e d\u2019\u00e9levage de reines du 22 juin.<br \/>\nPages 22 et 23 : Les m\u00e9lipones, abeilles sans dard.<br \/>\nPages 24 et 25 : Recettes au miel : Tarte aux framboises et sa ganache au miel \u2013 Le saumon grill\u00e9 aux pistaches et gla\u00e7age au miel.<br \/>\nPages 26 et 27 : Ce que nous dit la science.<br \/>\nPages 28 et 29 : Rappel de la l\u00e9gislation.<br \/>\nInformations : les insectes disparaissent, et c\u2019est plus grave qu\u2019on ne le pense.<br \/>\nPage 30 : Journ\u00e9e mondiale de l\u2019abeille : leur d\u00e9clin menace la s\u00e9curit\u00e9 alimentaire mondiale.<br \/>\nPage 31 : Protection des donn\u00e9es personnelles.<br \/>\nNos peines.<br \/>\nPages 32 \u00e0 33 : Hommage rendu \u00e0 Herv\u00e9 Borie lors de ses obs\u00e8ques.<br \/>\nPages 34 \u00e0 37 : Manifestations en images. Grandes annonces.<br \/>\nPage 38 : Article sur le trafic de miel.<br \/>\nPage 39 : Etiquetage sur l\u2019origine du miel.<br \/>\nPages 40 \u00e0 42 : PV du C.A. du 23 mars 2019.<br \/>\nPage 43 : Flore mellif\u00e8re : La coronille glauque.<br \/>\nPage 44 : Publicit\u00e9s.<\/p>\n<p>&nbsp;<\/p>\n<p>&nbsp;<\/p>\n<p>&nbsp;<\/p>\n","protected":false},"excerpt":{"rendered":"Page 2 : Quelques activit\u00e9s du Rucher. Page 3 : Sommaire. Page 4 : Le mot du Pr\u00e9sident. Page 5 : Notre m\u00e9tier \u2013 Les travaux du trimestre. Pages 6 \u00e0 9 : Fiche technique : L\u2019utilisation du chasse-abeilles. Pages 10 et 11 : Transvasement d\u2019une colonie d\u2019abeilles. Pages 12 \u00e0 14 : Rucher \u00e9cole&hellip; <p class=\"toivo-read-more\"><a href=\"https:\/\/www.lerucherduperigord.fr\/index.php\/2019\/08\/17\/bulletin-140-juillet-2019\/\" class=\"more-link\">Lire la suite <span class=\"screen-reader-text\">Bulletin n\u00b0140 &#8211; Juillet 2019<\/span><\/a><\/p>","protected":false},"author":1,"featured_media":0,"comment_status":"closed","ping_status":"closed","sticky":false,"template":"","format":"standard","meta":[],"categories":[17],"tags":[],"_links":{"self":[{"href":"https:\/\/www.lerucherduperigord.fr\/index.php\/wp-json\/wp\/v2\/posts\/450"}],"collection":[{"href":"https:\/\/www.lerucherduperigord.fr\/index.php\/wp-json\/wp\/v2\/posts"}],"about":[{"href":"https:\/\/www.lerucherduperigord.fr\/index.php\/wp-json\/wp\/v2\/types\/post"}],"author":[{"embeddable":true,"href":"https:\/\/www.lerucherduperigord.fr\/index.php\/wp-json\/wp\/v2\/users\/1"}],"replies":[{"embeddable":true,"href":"https:\/\/www.lerucherduperigord.fr\/index.php\/wp-json\/wp\/v2\/comments?post=450"}],"version-history":[{"count":4,"href":"https:\/\/www.lerucherduperigord.fr\/index.php\/wp-json\/wp\/v2\/posts\/450\/revisions"}],"predecessor-version":[{"id":454,"href":"https:\/\/www.lerucherduperigord.fr\/index.php\/wp-json\/wp\/v2\/posts\/450\/revisions\/454"}],"wp:attachment":[{"href":"https:\/\/www.lerucherduperigord.fr\/index.php\/wp-json\/wp\/v2\/media?parent=450"}],"wp:term":[{"taxonomy":"category","embeddable":true,"href":"https:\/\/www.lerucherduperigord.fr\/index.php\/wp-json\/wp\/v2\/categories?post=450"},{"taxonomy":"post_tag","embeddable":true,"href":"https:\/\/www.lerucherduperigord.fr\/index.php\/wp-json\/wp\/v2\/tags?post=450"}],"curies":[{"name":"wp","href":"https:\/\/api.w.org\/{rel}","templated":true}]}}