{"id":382,"date":"2018-10-10T23:25:14","date_gmt":"2018-10-10T21:25:14","guid":{"rendered":"http:\/\/www.lerucherduperigord.fr\/?p=382"},"modified":"2019-04-09T12:00:48","modified_gmt":"2019-04-09T10:00:48","slug":"bulletin-n-137-octobre-2018","status":"publish","type":"post","link":"https:\/\/www.lerucherduperigord.fr\/index.php\/2018\/10\/10\/bulletin-n-137-octobre-2018\/","title":{"rendered":"Bulletin n\u00b0 137 &#8211; Octobre 2018"},"content":{"rendered":"<p><img loading=\"lazy\" class=\"alignnone size-medium wp-image-383 aligncenter\" src=\"http:\/\/leruchersx.cluster023.hosting.ovh.net\/wp-content\/uploads\/2018\/10\/18-couverture-octobre-300x225.jpg\" alt=\"\" width=\"300\" height=\"225\" srcset=\"https:\/\/www.lerucherduperigord.fr\/wp-content\/uploads\/2018\/10\/18-couverture-octobre-300x225.jpg 300w, https:\/\/www.lerucherduperigord.fr\/wp-content\/uploads\/2018\/10\/18-couverture-octobre-768x576.jpg 768w, https:\/\/www.lerucherduperigord.fr\/wp-content\/uploads\/2018\/10\/18-couverture-octobre-1024x768.jpg 1024w, https:\/\/www.lerucherduperigord.fr\/wp-content\/uploads\/2018\/10\/18-couverture-octobre-1260x945.jpg 1260w, https:\/\/www.lerucherduperigord.fr\/wp-content\/uploads\/2018\/10\/18-couverture-octobre.jpg 1280w\" sizes=\"(max-width: 300px) 100vw, 300px\" \/><\/p>\n<p>Page 2 \u00a0\u00a0 \u00a0\u00a0\u00a0\u00a0\u00a0\u00a0Quelques activit\u00e9s du Rucher. Appels \u00e0 candidature.<br \/>\nPage 3\u00a0\u00a0\u00a0\u00a0\u00a0\u00a0\u00a0\u00a0\u00a0\u00a0Sommaire.<br \/>\nPage 4\u00a0\u00a0\u00a0\u00a0\u00a0\u00a0\u00a0\u00a0\u00a0\u00a0Le mot du Pr\u00e9sident.<br \/>\nPage 5\u00a0\u00a0\u00a0\u00a0\u00a0\u00a0\u00a0\u00a0\u00a0\u00a0Rucher \u00e9cole apr\u00e8s la temp\u00eate du 04 juillet.<br \/>\nPages 6 et 7\u00a0\u00a0\u00a0\u00a0Notre m\u00e9tier. D\u00e9claration de d\u00e9tention et d\u2019emplacement de ruches.<br \/>\nPages 8 et 9\u00a0\u00a0\u00a0\u00a0Fiche technique\u00a0: m\u00e9thode d\u2019\u00e9levage de reines par Bernard Renvoiz\u00e9.<br \/>\nPage 10\u00a0\u00a0\u00a0\u00a0\u00a0 \u00a0\u00a0\u00a0Fiche technique: le traitement de la cire.<br \/>\nPage 11\u00a0\u00a0 \u00a0\u00a0\u00a0\u00a0\u00a0\u00a0Travaux au rucher apr\u00e8s la temp\u00eate.<br \/>\nPages 12 et 13\u00a0 Reportage de TF1.<br \/>\nPage 14\u00a0\u00a0\u00a0\u00a0\u00a0\u00a0\u00a0\u00a0\u00a0Pr\u00e9-r\u00e9colte d\u00e9monstrative du 23\/06\/2018.<br \/>\nPage 15\u00a0\u00a0\u00a0\u00a0\u00a0\u00a0\u00a0\u00a0\u00a0R\u00e9colte au rucher \u00e9cole.<br \/>\nPages 16 et 17\u00a0 La ruche Warr\u00e9 ou la ruche populaire.<br \/>\nPages 18 et 19\u00a0 Initiation \u00e0 l\u2019extraction de miel.<br \/>\nPages 20 et 21\u00a0 F\u00e9libr\u00e9e \u00e0 Saint-Cyprien.<br \/>\nPage 22\u00a0\u00a0\u00a0\u00a0\u00a0\u00a0\u00a0\u00a0\u00a0La foire aux vins \u00e0 Agonac.<br \/>\nPage 23\u00a0\u00a0\u00a0\u00a0\u00a0\u00a0\u00a0\u00a0\u00a0Festival de la Vall\u00e9e \u00e0 Annesse-et-Beaulieu.<br \/>\nPage 24\u00a0\u00a0\u00a0\u00a0\u00a0\u00a0\u00a0\u00a0\u00a0F\u00eate du bois et de la for\u00eat \u00e0 Eglise-Neuve- d\u2019Issac \u2013 Annonces \u2013 Nos Peines.<br \/>\nPage 25\u00a0\u00a0\u00a0\u00a0\u00a0\u00a0\u00a0\u00a0\u00a0Visite d\u2019automne au rucher \u00e9cole.<br \/>\nPage 26 \u00a0\u00a0\u00a0\u00a0\u00a0\u00a0\u00a0\u00a0Journ\u00e9e conviviale de fin de saison apicole.<br \/>\nPage 27\u00a0\u00a0\u00a0\u00a0\u00a0\u00a0\u00a0\u00a0\u00a0Intervention \u00e0 la plate-forme de distribution de Sarlat.<br \/>\nPage 28\u00a0\u00a0\u00a0\u00a0\u00a0\u00a0\u00a0\u00a0\u00a0R\u00e9colte au rucher municipal de P\u00e9rigueux.<br \/>\nPage 29\u00a0\u00a0\u00a0\u00a0\u00a0\u00a0\u00a0\u00a0\u00a0Po\u00e9sie\u00a0: L\u2019abeille.<br \/>\nPage 30 \u00a0\u00a0\u00a0\u00a0\u00a0\u00a0\u00a0\u00a0L\u2019essaim fant\u00f4me de H. Marqu\u00e8s.<br \/>\nPage 31\u00a0\u00a0\u00a0\u00a0\u00a0\u00a0\u00a0\u00a0\u00a0Recette au miel\u00a0: Petites quiches aux carottes, ch\u00e8vre et miel.<br \/>\nPage 32\u00a0\u00a0\u00a0\u00a0\u00a0\u00a0\u00a0\u00a0\u00a0Comit\u00e9 d\u2019entraide.<br \/>\nPages 33 \u00e0 36\u00a0\u00a0 Ce que nous dit la science\u00a0:<br \/>\n  &#8211; Des probiotiques dans le ventre de l\u2019abeille.<br \/>\n  &#8211; Le stress toucherait aussi les abeilles selon une nouvelle \u00e9tude.<br \/>\n  &#8211; Des ruches connect\u00e9es pour espionner les\u00a0 abeilles.<br \/>\nPages 37 \u00e0 39\u00a0 \u00a0Informations\u00a0:<br \/>\n  &#8211; L\u2019insecticide g\u00e2che le miel.<br \/>\n  &#8211; Dordogne\u00a0: le pr\u00e9sident de la R\u00e9gion au chevet des abeilles menac\u00e9es.<br \/>\n  &#8211; Invasion des frelons asiatiques, danger seulement pour les abeilles ou danger public\u00a0?<br \/>\nPages 40 \u00e0 42\u00a0\u00a0 PV du CA du 02 juin 2018.<br \/>\nPage 43\u00a0\u00a0\u00a0\u00a0\u00a0\u00a0\u00a0\u00a0\u00a0Flore mellif\u00e8re\u00a0: L\u2019oranger du Mexique.<\/p>\n","protected":false},"excerpt":{"rendered":"Page 2 \u00a0\u00a0 \u00a0\u00a0\u00a0\u00a0\u00a0\u00a0Quelques activit\u00e9s du Rucher. Appels \u00e0 candidature. Page 3\u00a0\u00a0\u00a0\u00a0\u00a0\u00a0\u00a0\u00a0\u00a0\u00a0Sommaire. Page 4\u00a0\u00a0\u00a0\u00a0\u00a0\u00a0\u00a0\u00a0\u00a0\u00a0Le mot du Pr\u00e9sident. Page 5\u00a0\u00a0\u00a0\u00a0\u00a0\u00a0\u00a0\u00a0\u00a0\u00a0Rucher \u00e9cole apr\u00e8s la temp\u00eate du 04 juillet. Pages 6 et 7\u00a0\u00a0\u00a0\u00a0Notre m\u00e9tier. D\u00e9claration de d\u00e9tention et d\u2019emplacement de ruches. Pages 8 et 9\u00a0\u00a0\u00a0\u00a0Fiche technique\u00a0: m\u00e9thode d\u2019\u00e9levage de reines par Bernard Renvoiz\u00e9. Page 10\u00a0\u00a0\u00a0\u00a0\u00a0 \u00a0\u00a0\u00a0Fiche technique: le&hellip; <p class=\"toivo-read-more\"><a href=\"https:\/\/www.lerucherduperigord.fr\/index.php\/2018\/10\/10\/bulletin-n-137-octobre-2018\/\" class=\"more-link\">Lire la suite <span class=\"screen-reader-text\">Bulletin n\u00b0 137 &#8211; Octobre 2018<\/span><\/a><\/p>","protected":false},"author":1,"featured_media":0,"comment_status":"closed","ping_status":"closed","sticky":false,"template":"","format":"standard","meta":[],"categories":[1],"tags":[],"_links":{"self":[{"href":"https:\/\/www.lerucherduperigord.fr\/index.php\/wp-json\/wp\/v2\/posts\/382"}],"collection":[{"href":"https:\/\/www.lerucherduperigord.fr\/index.php\/wp-json\/wp\/v2\/posts"}],"about":[{"href":"https:\/\/www.lerucherduperigord.fr\/index.php\/wp-json\/wp\/v2\/types\/post"}],"author":[{"embeddable":true,"href":"https:\/\/www.lerucherduperigord.fr\/index.php\/wp-json\/wp\/v2\/users\/1"}],"replies":[{"embeddable":true,"href":"https:\/\/www.lerucherduperigord.fr\/index.php\/wp-json\/wp\/v2\/comments?post=382"}],"version-history":[{"count":2,"href":"https:\/\/www.lerucherduperigord.fr\/index.php\/wp-json\/wp\/v2\/posts\/382\/revisions"}],"predecessor-version":[{"id":385,"href":"https:\/\/www.lerucherduperigord.fr\/index.php\/wp-json\/wp\/v2\/posts\/382\/revisions\/385"}],"wp:attachment":[{"href":"https:\/\/www.lerucherduperigord.fr\/index.php\/wp-json\/wp\/v2\/media?parent=382"}],"wp:term":[{"taxonomy":"category","embeddable":true,"href":"https:\/\/www.lerucherduperigord.fr\/index.php\/wp-json\/wp\/v2\/categories?post=382"},{"taxonomy":"post_tag","embeddable":true,"href":"https:\/\/www.lerucherduperigord.fr\/index.php\/wp-json\/wp\/v2\/tags?post=382"}],"curies":[{"name":"wp","href":"https:\/\/api.w.org\/{rel}","templated":true}]}}