{"id":237,"date":"2017-12-17T21:52:07","date_gmt":"2017-12-17T20:52:07","guid":{"rendered":"http:\/\/leruchersx.cluster023.hosting.ovh.net\/?p=237"},"modified":"2026-03-17T13:30:10","modified_gmt":"2026-03-17T12:30:10","slug":"nous-contacter","status":"publish","type":"post","link":"https:\/\/www.lerucherduperigord.fr\/index.php\/2017\/12\/17\/nous-contacter\/","title":{"rendered":"Nous contacter"},"content":{"rendered":"<h3 id=\"wb_Text2\" style=\"text-align: center;\"><span style=\"color: #000000; font-family: Arial;\"><b>Pour nous contacter vous pouvez appeler:<\/b><\/span><\/h3>\n<h6 style=\"text-align: left;\"><span style=\"color: #000000; font-family: Arial;\"><b>Mme. Nadine Want-Grigoli &#8211; Pr\u00e9sidente.<\/b><\/span><span style=\"color: #000000; font-family: Arial;\">\u00a0 \u00a0 \u00a0 \u00a0 \u00a0 \u00a0<\/span><\/h6>\n<div><\/div>\n<div><span style=\"color: #000000; font-family: Arial;\"><span style=\"color: #000000; font-family: Arial;\">T\u00e9l\u00e9phone: 05 53 54 33 23<br \/>\n<\/span><\/span>Courriel: <b><a href=\"mailto:presidence@lerucherduperigord.fr\">presidence@lerucherduperigord.fr<\/a><\/b><\/div>\n<p>&nbsp;<\/p>\n<p><b>Notre si\u00e8ge social se situe :<br \/>\n5 rue Pierre Fanlac<br \/>\n24660 Coulounieix-Chamiers<\/b><\/p>\n","protected":false},"excerpt":{"rendered":"Pour nous contacter vous pouvez appeler: Mme. Nadine Want-Grigoli &#8211; Pr\u00e9sidente.\u00a0 \u00a0 \u00a0 \u00a0 \u00a0 \u00a0 T\u00e9l\u00e9phone: 05 53 54 33 23 Courriel: presidence@lerucherduperigord.fr &nbsp; Notre si\u00e8ge social se situe : 5 rue Pierre Fanlac 24660 Coulounieix-Chamiers","protected":false},"author":1,"featured_media":0,"comment_status":"closed","ping_status":"closed","sticky":false,"template":"","format":"standard","meta":[],"categories":[12],"tags":[],"_links":{"self":[{"href":"https:\/\/www.lerucherduperigord.fr\/index.php\/wp-json\/wp\/v2\/posts\/237"}],"collection":[{"href":"https:\/\/www.lerucherduperigord.fr\/index.php\/wp-json\/wp\/v2\/posts"}],"about":[{"href":"https:\/\/www.lerucherduperigord.fr\/index.php\/wp-json\/wp\/v2\/types\/post"}],"author":[{"embeddable":true,"href":"https:\/\/www.lerucherduperigord.fr\/index.php\/wp-json\/wp\/v2\/users\/1"}],"replies":[{"embeddable":true,"href":"https:\/\/www.lerucherduperigord.fr\/index.php\/wp-json\/wp\/v2\/comments?post=237"}],"version-history":[{"count":12,"href":"https:\/\/www.lerucherduperigord.fr\/index.php\/wp-json\/wp\/v2\/posts\/237\/revisions"}],"predecessor-version":[{"id":957,"href":"https:\/\/www.lerucherduperigord.fr\/index.php\/wp-json\/wp\/v2\/posts\/237\/revisions\/957"}],"wp:attachment":[{"href":"https:\/\/www.lerucherduperigord.fr\/index.php\/wp-json\/wp\/v2\/media?parent=237"}],"wp:term":[{"taxonomy":"category","embeddable":true,"href":"https:\/\/www.lerucherduperigord.fr\/index.php\/wp-json\/wp\/v2\/categories?post=237"},{"taxonomy":"post_tag","embeddable":true,"href":"https:\/\/www.lerucherduperigord.fr\/index.php\/wp-json\/wp\/v2\/tags?post=237"}],"curies":[{"name":"wp","href":"https:\/\/api.w.org\/{rel}","templated":true}]}}