{"id":196,"date":"2017-12-10T23:13:47","date_gmt":"2017-12-10T22:13:47","guid":{"rendered":"http:\/\/leruchersx.cluster023.hosting.ovh.net\/?p=196"},"modified":"2017-12-10T23:15:32","modified_gmt":"2017-12-10T22:15:32","slug":"le-frelon-asiatique-encore-et-toujours","status":"publish","type":"post","link":"https:\/\/www.lerucherduperigord.fr\/index.php\/2017\/12\/10\/le-frelon-asiatique-encore-et-toujours\/","title":{"rendered":"Le frelon asiatique&#8230;encore et toujours"},"content":{"rendered":"<p><span style=\"color: #000000; font-family: Arial;\">Inquiet de la prolif\u00e9ration sans cesse croissante de cet hym\u00e9nopt\u00e8re, le Rucher du P\u00e9rigord, apporte depuis 2008, son modeste concours aux scientifiques charg\u00e9s, au niveau national , de l \u00e9tude de l envahisseur. Sans pr\u00e9tention aucune. Et cela ne n\u00e9cessite aucun investissement particulier, remboursable par les pouvoirs publics.<\/span><\/p>\n<p>Ainsi, le Lundi 14 D\u00e9cembre 2009, nous avons r\u00e9cup\u00e9r\u00e9 un nid de V.V. insecticid\u00e9, en tr\u00e8s bon \u00e9tat. Pensant que la population \u00e9tait morte, et en attente de l utilisation que nous souhaitions en faire, nous avons plac\u00e9 le nid \u00e0 l ext\u00e9rieur. Durant la semaine, il a neig\u00e9 et fait tr\u00e8s froid: -10\u00b0C dans notre secteur.<\/p>\n<p>Le Dimanche 20 D\u00e9cembre, le soleil a r\u00e9chauff\u00e9 le nid. La temp\u00e9rature s est \u00e9lev\u00e9e et, vers midi, \u00d4 surprise, nous avons vu des frelons sortir par les orifices de leur demeure; de beaux sp\u00e9cimens, bien dodus: 12, puis 9 puis 14&#8230;<br \/>\nNous les avons plac\u00e9s dans une bo\u00eete au couvercle perfor\u00e9 et mis au cong\u00e9lateur. Les jours suivants, \u00e0 chaque retour du redoux, de nouveaux individus quittaient le nid.<br \/>\nAttentifs \u00e0 leur sortie, nous les avons mis \u00ab\u00a0\u00e0 l abri\u00a0\u00bb avec un peu de candi pour leur permettre de bien passer les f\u00eates de fin d ann\u00e9e et d \u00eatre utilisables par les scientifiques.<\/p>\n<p>Enfin le Mardi 5 Janvier au matin, nous avons d\u00e9cid\u00e9 d ouvrir le nid. Nous avons d\u00e9coup\u00e9 la partie inf\u00e9rieure sur laquelle se trouvaient les frelons restants. Beaucoup \u00e9taient sur le dos, remuant seulement les pattes. Nous avons s\u00e9lectionn\u00e9 tous ceux qui nous paraissaient vivants. Nous leur avons permis de se r\u00e9chauffer dans une pi\u00e8ce de la maison. Lorsqu ils se sont remis sur leurs pattes et ont quitt\u00e9 le plateau sur lequel nous les avions rassembl\u00e9s, nous avons estim\u00e9 qu ils \u00e9taient assez guillerets pour supporter le voyage par Chronopost jusqu au Mus\u00e9um National d Histoire Naturelle qui nous a confirm\u00e9 leur r\u00e9ception le lendemain.<\/p>\n<p>Si nous relatons cet \u00e9v\u00e8nement, c est pour dire que rien n est acquis. Il est donc inexact de penser que les nids que nous d\u00e9couvrons dans les arbres d\u00e9pouill\u00e9s de leurs feuilles sont d\u00e9j\u00e0 d\u00e9sert\u00e9s.<br \/>\nLe 12 Novembre 2008, un nid, lui aussi \u00ab\u00a0insecticid\u00e9\u00a0\u00bb, a vu ses habitants se r\u00e9veiller le lendemain. Une analyse de population a permis de d\u00e9nombrer 1493 individus dont 70% de femelles.<br \/>\nMme C. Villemant, nous dira, le moment venu, ce qu elle a pu tirer de notre envoi aux trois contenus s\u00e9par\u00e9s et quelles sont ses conclusions.<\/p>\n<p>En attendant, le Rucher du P\u00e9rigord poursuivra avec elle, avec G. Arnold, M. Arca du C.N.R.S. et D. Thiery de l I.N.R.A. de Bordeaux sa cordiale coop\u00e9ration.\u02dc<\/p>\n","protected":false},"excerpt":{"rendered":"Inquiet de la prolif\u00e9ration sans cesse croissante de cet hym\u00e9nopt\u00e8re, le Rucher du P\u00e9rigord, apporte depuis 2008, son modeste concours aux scientifiques charg\u00e9s, au niveau national , de l \u00e9tude de l envahisseur. Sans pr\u00e9tention aucune. Et cela ne n\u00e9cessite aucun investissement particulier, remboursable par les pouvoirs publics. Ainsi, le Lundi 14 D\u00e9cembre 2009, nous&hellip; <p class=\"toivo-read-more\"><a href=\"https:\/\/www.lerucherduperigord.fr\/index.php\/2017\/12\/10\/le-frelon-asiatique-encore-et-toujours\/\" class=\"more-link\">Lire la suite <span class=\"screen-reader-text\">Le frelon asiatique&#8230;encore et toujours<\/span><\/a><\/p>","protected":false},"author":1,"featured_media":0,"comment_status":"closed","ping_status":"closed","sticky":false,"template":"","format":"standard","meta":[],"categories":[9],"tags":[],"_links":{"self":[{"href":"https:\/\/www.lerucherduperigord.fr\/index.php\/wp-json\/wp\/v2\/posts\/196"}],"collection":[{"href":"https:\/\/www.lerucherduperigord.fr\/index.php\/wp-json\/wp\/v2\/posts"}],"about":[{"href":"https:\/\/www.lerucherduperigord.fr\/index.php\/wp-json\/wp\/v2\/types\/post"}],"author":[{"embeddable":true,"href":"https:\/\/www.lerucherduperigord.fr\/index.php\/wp-json\/wp\/v2\/users\/1"}],"replies":[{"embeddable":true,"href":"https:\/\/www.lerucherduperigord.fr\/index.php\/wp-json\/wp\/v2\/comments?post=196"}],"version-history":[{"count":2,"href":"https:\/\/www.lerucherduperigord.fr\/index.php\/wp-json\/wp\/v2\/posts\/196\/revisions"}],"predecessor-version":[{"id":200,"href":"https:\/\/www.lerucherduperigord.fr\/index.php\/wp-json\/wp\/v2\/posts\/196\/revisions\/200"}],"wp:attachment":[{"href":"https:\/\/www.lerucherduperigord.fr\/index.php\/wp-json\/wp\/v2\/media?parent=196"}],"wp:term":[{"taxonomy":"category","embeddable":true,"href":"https:\/\/www.lerucherduperigord.fr\/index.php\/wp-json\/wp\/v2\/categories?post=196"},{"taxonomy":"post_tag","embeddable":true,"href":"https:\/\/www.lerucherduperigord.fr\/index.php\/wp-json\/wp\/v2\/tags?post=196"}],"curies":[{"name":"wp","href":"https:\/\/api.w.org\/{rel}","templated":true}]}}